{"id":649,"date":"2012-06-21T18:42:00","date_gmt":"2012-06-21T18:42:00","guid":{"rendered":"http:\/\/wp.valeskahenze.de\/?p=649"},"modified":"2020-12-23T18:43:42","modified_gmt":"2020-12-23T18:43:42","slug":"round-table-gespraech-zum-thema-arbeitsmodelle-der-zukunft-wie-wollen-wir-in-der-buchbranche-arbeiten","status":"publish","type":"post","link":"https:\/\/www.valeskahenze.de\/?p=649","title":{"rendered":"Round-Table Gespr\u00e4ch zum Thema &#8220; Arbeitsmodelle der Zukunft &#8211; Wie wollen wir in der Buchbranche arbeiten?&#8220;"},"content":{"rendered":"\n<p>Donnerstag, 21. Juni 2012, 14.30 &#8211; 15 Uhr<br>Veranstaltung in Kooperation mit dem Sortimenterauschuss des B\u00f6rsenvereins des Deutschen Buchhandels e.V.<br><br>Der vielbeschworene demographische Wandel und die technischen Entwicklungen werden in den n\u00e4chsten Jahren die Buchbranche und ganz besonders die Zukunft des Sortiments bestimmen. Wie wirken sich diese beiden gro\u00dfen Herausforderungen auf die Arbeitssituation in der Buchbranche aus? Wie k\u00f6nnen zuk\u00fcnftige Gesch\u00e4ftsmodelle aussehen, die die vielf\u00e4ltigen Anforderungen der Arbeitswelt mit den Bed\u00fcrfnissen der Menschen, die darin arbeiten, verbinden? K\u00f6nnen neue Kommunikationswerkzeuge und Netzwerke dabei helfen? Und wie flexibel kann der station\u00e4re Handel werden? Das sind die Leitfragen, die im offenen Austausch unter den Teilnehmenden des Workshops diskutiert werden.<br>Gemeinsam mit Dr. Eva Douma<\/p>\n","protected":false},"excerpt":{"rendered":"<p>Donnerstag, 21. Juni 2012, 14.30 &#8211; 15 UhrVeranstaltung in Kooperation mit dem Sortimenterauschuss des B\u00f6rsenvereins des Deutschen Buchhandels e.V. Der vielbeschworene demographische Wandel und die technischen Entwicklungen werden in den n\u00e4chsten Jahren die Buchbranche und ganz besonders die Zukunft des Sortiments bestimmen. Wie wirken sich diese beiden gro\u00dfen Herausforderungen auf die Arbeitssituation in der Buchbranche aus? Wie k\u00f6nnen zuk\u00fcnftige Gesch\u00e4ftsmodelle aussehen, die die vielf\u00e4ltigen Anforderungen der Arbeitswelt mit den Bed\u00fcrfnissen&hellip;<\/p>\n","protected":false},"author":1,"featured_media":552,"comment_status":"closed","ping_status":"open","sticky":false,"template":"","format":"standard","meta":{"pgc_sgb_lightbox_settings":"","footnotes":""},"categories":[4,9,5],"tags":[],"class_list":["post-649","post","type-post","status-publish","format-standard","has-post-thumbnail","hentry","category-buecherfrauen","category-diskussion","category-geschlechtergerechtigkeit"],"jetpack_sharing_enabled":true,"jetpack_featured_media_url":"https:\/\/www.valeskahenze.de\/wp-content\/uploads\/2020\/12\/BF-Lang.png","_links":{"self":[{"href":"https:\/\/www.valeskahenze.de\/index.php?rest_route=\/wp\/v2\/posts\/649","targetHints":{"allow":["GET"]}}],"collection":[{"href":"https:\/\/www.valeskahenze.de\/index.php?rest_route=\/wp\/v2\/posts"}],"about":[{"href":"https:\/\/www.valeskahenze.de\/index.php?rest_route=\/wp\/v2\/types\/post"}],"author":[{"embeddable":true,"href":"https:\/\/www.valeskahenze.de\/index.php?rest_route=\/wp\/v2\/users\/1"}],"replies":[{"embeddable":true,"href":"https:\/\/www.valeskahenze.de\/index.php?rest_route=%2Fwp%2Fv2%2Fcomments&post=649"}],"version-history":[{"count":1,"href":"https:\/\/www.valeskahenze.de\/index.php?rest_route=\/wp\/v2\/posts\/649\/revisions"}],"predecessor-version":[{"id":650,"href":"https:\/\/www.valeskahenze.de\/index.php?rest_route=\/wp\/v2\/posts\/649\/revisions\/650"}],"wp:featuredmedia":[{"embeddable":true,"href":"https:\/\/www.valeskahenze.de\/index.php?rest_route=\/wp\/v2\/media\/552"}],"wp:attachment":[{"href":"https:\/\/www.valeskahenze.de\/index.php?rest_route=%2Fwp%2Fv2%2Fmedia&parent=649"}],"wp:term":[{"taxonomy":"category","embeddable":true,"href":"https:\/\/www.valeskahenze.de\/index.php?rest_route=%2Fwp%2Fv2%2Fcategories&post=649"},{"taxonomy":"post_tag","embeddable":true,"href":"https:\/\/www.valeskahenze.de\/index.php?rest_route=%2Fwp%2Fv2%2Ftags&post=649"}],"curies":[{"name":"wp","href":"https:\/\/api.w.org\/{rel}","templated":true}]}}