{"id":636,"date":"2011-11-10T17:53:00","date_gmt":"2011-11-10T17:53:00","guid":{"rendered":"http:\/\/wp.valeskahenze.de\/?p=636"},"modified":"2020-12-23T18:02:57","modified_gmt":"2020-12-23T18:02:57","slug":"uebersetzungen-fuer-das-projekt-zwangsarbeit-1939-1945-erinnerungen-und-geschichte","status":"publish","type":"post","link":"https:\/\/www.valeskahenze.de\/?p=636","title":{"rendered":"\u00dcbersetzungen f\u00fcr das Projekt &#8222;Zwangsarbeit 1939-1945. Erinnerungen und Geschichte&#8220;"},"content":{"rendered":"\n<p>\u00dcbersetzung von Transkripten lebensgeschichtlicher Interviews aus dem Norwegischen f\u00fcr das Interview-Archiv. &#8222;Zwangsarbeit 1939-1945&#8220;, das an \u00fcber zwanzig Millionen Menschen, die f\u00fcr das nationalsozialistische Deutschland arbeiten mussten, erinnert. <\/p>\n\n\n\n<!--more-->\n\n\n\n<p>Direkt zum<a href=\"https:\/\/www.zwangsarbeit-archiv.de\/\" data-type=\"URL\" data-id=\"https:\/\/www.zwangsarbeit-archiv.de\/\" target=\"_blank\" rel=\"noreferrer noopener\"> Interview-Archiv.<\/a><\/p>\n","protected":false},"excerpt":{"rendered":"<p>\u00dcbersetzung von Transkripten lebensgeschichtlicher Interviews aus dem Norwegischen f\u00fcr das Interview-Archiv. &#8222;Zwangsarbeit 1939-1945&#8220;, das an \u00fcber zwanzig Millionen Menschen, die f\u00fcr das nationalsozialistische Deutschland arbeiten mussten, erinnert.<\/p>\n","protected":false},"author":1,"featured_media":0,"comment_status":"closed","ping_status":"open","sticky":false,"template":"","format":"standard","meta":{"pgc_sgb_lightbox_settings":"","footnotes":""},"categories":[6],"tags":[],"class_list":["post-636","post","type-post","status-publish","format-standard","hentry","category-uebersetzung"],"jetpack_sharing_enabled":true,"jetpack_featured_media_url":"","_links":{"self":[{"href":"https:\/\/www.valeskahenze.de\/index.php?rest_route=\/wp\/v2\/posts\/636","targetHints":{"allow":["GET"]}}],"collection":[{"href":"https:\/\/www.valeskahenze.de\/index.php?rest_route=\/wp\/v2\/posts"}],"about":[{"href":"https:\/\/www.valeskahenze.de\/index.php?rest_route=\/wp\/v2\/types\/post"}],"author":[{"embeddable":true,"href":"https:\/\/www.valeskahenze.de\/index.php?rest_route=\/wp\/v2\/users\/1"}],"replies":[{"embeddable":true,"href":"https:\/\/www.valeskahenze.de\/index.php?rest_route=%2Fwp%2Fv2%2Fcomments&post=636"}],"version-history":[{"count":2,"href":"https:\/\/www.valeskahenze.de\/index.php?rest_route=\/wp\/v2\/posts\/636\/revisions"}],"predecessor-version":[{"id":639,"href":"https:\/\/www.valeskahenze.de\/index.php?rest_route=\/wp\/v2\/posts\/636\/revisions\/639"}],"wp:attachment":[{"href":"https:\/\/www.valeskahenze.de\/index.php?rest_route=%2Fwp%2Fv2%2Fmedia&parent=636"}],"wp:term":[{"taxonomy":"category","embeddable":true,"href":"https:\/\/www.valeskahenze.de\/index.php?rest_route=%2Fwp%2Fv2%2Fcategories&post=636"},{"taxonomy":"post_tag","embeddable":true,"href":"https:\/\/www.valeskahenze.de\/index.php?rest_route=%2Fwp%2Fv2%2Ftags&post=636"}],"curies":[{"name":"wp","href":"https:\/\/api.w.org\/{rel}","templated":true}]}}