{"id":630,"date":"2011-02-15T17:20:00","date_gmt":"2011-02-15T17:20:00","guid":{"rendered":"http:\/\/wp.valeskahenze.de\/?p=630"},"modified":"2020-12-23T18:05:36","modified_gmt":"2020-12-23T18:05:36","slug":"rezension-die-romantik-der-rationalitaet-alva-gunnar-myrdal-social-engineering-in-schweden","status":"publish","type":"post","link":"https:\/\/www.valeskahenze.de\/?p=630","title":{"rendered":"Rezension &#8222;Die Romantik der Rationalit\u00e4t. Alva &#038; Gunnar Myrdal &#8211; Social Engineering in Schweden&#8220;"},"content":{"rendered":"\n<p>Thomas Etzem\u00fcller schickt die Leser mit seinem Buch auf eine Reise in die Geschichte politischer Ideen, die Geschichte des sozialpolitischen Umbaus der schwedischen Gesellschaft und die Biographien zweier Pers\u00f6nlichkeiten, ihres Werks, Wirkens und Zusammenlebens, ohne die die vorgenannten \u201aGeschichten\u2018 nicht m\u00f6glich gewesen w\u00e4ren. Er schl\u00e4gt mit diesem Buch eine bisher wenig beachtete, erg\u00e4nzende Perspektive auf die Geschichte der Moderne vor.<\/p>\n\n\n\n<!--more-->\n\n\n\n<p>Rezension von Thomas Etzem\u00fcller:<em> Die Romantik der Rationalit\u00e4t. Alva &amp; Gunnar Myrdal \u2013 Social Engineering in Schweden<\/em>. Bielefeld:transcript 2010, 502 S<\/p>\n\n\n\n<p>In: NORDEUROPAforum 21 (2011:1), S. 178-81. Zum <a href=\"https:\/\/edoc.hu-berlin.de\/bitstream\/handle\/18452\/8733\/henze.pdf?sequence=1&amp;isAllowed=y\" data-type=\"URL\" data-id=\"https:\/\/edoc.hu-berlin.de\/bitstream\/handle\/18452\/8733\/henze.pdf?sequence=1&amp;isAllowed=y\" target=\"_blank\" rel=\"noreferrer noopener\">pdf-Download<\/a><\/p>\n","protected":false},"excerpt":{"rendered":"<p>Thomas Etzem\u00fcller schickt die Leser mit seinem Buch auf eine Reise in die Geschichte politischer Ideen, die Geschichte des sozialpolitischen Umbaus der schwedischen Gesellschaft und die Biographien zweier Pers\u00f6nlichkeiten, ihres Werks, Wirkens und Zusammenlebens, ohne die die vorgenannten \u201aGeschichten\u2018 nicht m\u00f6glich gewesen w\u00e4ren. Er schl\u00e4gt mit diesem Buch eine bisher wenig beachtete, erg\u00e4nzende Perspektive auf die Geschichte der Moderne vor.<\/p>\n","protected":false},"author":1,"featured_media":631,"comment_status":"closed","ping_status":"open","sticky":false,"template":"","format":"standard","meta":{"pgc_sgb_lightbox_settings":"","footnotes":""},"categories":[18,8],"tags":[],"class_list":["post-630","post","type-post","status-publish","format-standard","has-post-thumbnail","hentry","category-norden","category-publikation"],"jetpack_sharing_enabled":true,"jetpack_featured_media_url":"https:\/\/www.valeskahenze.de\/wp-content\/uploads\/2020\/12\/nofo_logo_white.png","_links":{"self":[{"href":"https:\/\/www.valeskahenze.de\/index.php?rest_route=\/wp\/v2\/posts\/630","targetHints":{"allow":["GET"]}}],"collection":[{"href":"https:\/\/www.valeskahenze.de\/index.php?rest_route=\/wp\/v2\/posts"}],"about":[{"href":"https:\/\/www.valeskahenze.de\/index.php?rest_route=\/wp\/v2\/types\/post"}],"author":[{"embeddable":true,"href":"https:\/\/www.valeskahenze.de\/index.php?rest_route=\/wp\/v2\/users\/1"}],"replies":[{"embeddable":true,"href":"https:\/\/www.valeskahenze.de\/index.php?rest_route=%2Fwp%2Fv2%2Fcomments&post=630"}],"version-history":[{"count":2,"href":"https:\/\/www.valeskahenze.de\/index.php?rest_route=\/wp\/v2\/posts\/630\/revisions"}],"predecessor-version":[{"id":640,"href":"https:\/\/www.valeskahenze.de\/index.php?rest_route=\/wp\/v2\/posts\/630\/revisions\/640"}],"wp:featuredmedia":[{"embeddable":true,"href":"https:\/\/www.valeskahenze.de\/index.php?rest_route=\/wp\/v2\/media\/631"}],"wp:attachment":[{"href":"https:\/\/www.valeskahenze.de\/index.php?rest_route=%2Fwp%2Fv2%2Fmedia&parent=630"}],"wp:term":[{"taxonomy":"category","embeddable":true,"href":"https:\/\/www.valeskahenze.de\/index.php?rest_route=%2Fwp%2Fv2%2Fcategories&post=630"},{"taxonomy":"post_tag","embeddable":true,"href":"https:\/\/www.valeskahenze.de\/index.php?rest_route=%2Fwp%2Fv2%2Ftags&post=630"}],"curies":[{"name":"wp","href":"https:\/\/api.w.org\/{rel}","templated":true}]}}