{"id":563,"date":"2020-11-07T17:37:00","date_gmt":"2020-11-07T17:37:00","guid":{"rendered":"http:\/\/wp.valeskahenze.de\/?p=563"},"modified":"2025-06-11T12:06:21","modified_gmt":"2025-06-11T12:06:21","slug":"buecherfrauen-jahrestagung-netzwerken-und-politik","status":"publish","type":"post","link":"https:\/\/www.valeskahenze.de\/?p=563","title":{"rendered":"B\u00fccherFrauen-Jahrestagung &#8222;Netzwerke(n) und Politik&#8220;"},"content":{"rendered":"\n<p>Am 6.\/7. November 2020 hat zum 30-j\u00e4hrigen Jubil\u00e4um des Netzwerks die erste digitale Jahrestagung der B\u00fccherFrauen stattgefunden, die ich gemeinsam mit sieben weiteren Frauen aus dem Netzwerk organisiert habe.<\/p>\n\n\n\n<p>Wir hatten  zahlreiche andere Frauen-Berufsnetzwerke eingeladen, wie der Journalistinnenbund, Pro Quote Film, Digital Media Women, mit denen ein intensiver Austausch \u00fcber Best-Practice-Programme und -Ans\u00e4tze stattfand. Die Teilnehmerinnen der Tagung konnten zwischen zw\u00f6lf herausragend besetzten Workshops w\u00e4hlen, u.a. zur politischen Lobbyarbeit, zu Design Thinking und F\u00fchrung, sowie zu Tools zum erfolgreichen Netzwerken. <\/p>\n\n\n\n<p>Die Tagung war eine rundum gelungene Veranstaltung \u2013 von der Ehrung der B\u00fccherFrau des Jahres \u00fcber die Workshops und bestem Netzwerk-Austausch in der K\u00fcche oder am Lagerfeuer und ausgelassener Stimmung auf dem Dancefloor.<\/p>\n\n\n\n<p>Fast 150 Frauen haben sich angemeldet; so viele wie nie zuvor. Das Feedback zur Tagung war \u00fcberw\u00e4ltigend und voller Begeisterung.<\/p>\n\n\n\n<p><\/p>\n","protected":false},"excerpt":{"rendered":"<p>Am 6.\/7. November 2020 hat zum 30-j\u00e4hrigen Jubil\u00e4um des Netzwerks die erste digitale Jahrestagung der B\u00fccherFrauen stattgefunden, die ich gemeinsam mit sieben weiteren Frauen aus dem Netzwerk organisiert habe. Wir hatten zahlreiche andere Frauen-Berufsnetzwerke eingeladen, wie der Journalistinnenbund, Pro Quote Film, Digital Media Women, mit denen ein intensiver Austausch \u00fcber Best-Practice-Programme und -Ans\u00e4tze stattfand. Die Teilnehmerinnen der Tagung konnten zwischen zw\u00f6lf herausragend besetzten Workshops w\u00e4hlen, u.a. zur politischen Lobbyarbeit, zu&hellip;<\/p>\n","protected":false},"author":1,"featured_media":580,"comment_status":"closed","ping_status":"open","sticky":false,"template":"","format":"standard","meta":{"pgc_sgb_lightbox_settings":"","footnotes":""},"categories":[4,5],"tags":[],"class_list":["post-563","post","type-post","status-publish","format-standard","has-post-thumbnail","hentry","category-buecherfrauen","category-geschlechtergerechtigkeit"],"jetpack_sharing_enabled":true,"jetpack_featured_media_url":"https:\/\/www.valeskahenze.de\/wp-content\/uploads\/2020\/12\/30BF_lang-1.png","_links":{"self":[{"href":"https:\/\/www.valeskahenze.de\/index.php?rest_route=\/wp\/v2\/posts\/563","targetHints":{"allow":["GET"]}}],"collection":[{"href":"https:\/\/www.valeskahenze.de\/index.php?rest_route=\/wp\/v2\/posts"}],"about":[{"href":"https:\/\/www.valeskahenze.de\/index.php?rest_route=\/wp\/v2\/types\/post"}],"author":[{"embeddable":true,"href":"https:\/\/www.valeskahenze.de\/index.php?rest_route=\/wp\/v2\/users\/1"}],"replies":[{"embeddable":true,"href":"https:\/\/www.valeskahenze.de\/index.php?rest_route=%2Fwp%2Fv2%2Fcomments&post=563"}],"version-history":[{"count":2,"href":"https:\/\/www.valeskahenze.de\/index.php?rest_route=\/wp\/v2\/posts\/563\/revisions"}],"predecessor-version":[{"id":1256,"href":"https:\/\/www.valeskahenze.de\/index.php?rest_route=\/wp\/v2\/posts\/563\/revisions\/1256"}],"wp:featuredmedia":[{"embeddable":true,"href":"https:\/\/www.valeskahenze.de\/index.php?rest_route=\/wp\/v2\/media\/580"}],"wp:attachment":[{"href":"https:\/\/www.valeskahenze.de\/index.php?rest_route=%2Fwp%2Fv2%2Fmedia&parent=563"}],"wp:term":[{"taxonomy":"category","embeddable":true,"href":"https:\/\/www.valeskahenze.de\/index.php?rest_route=%2Fwp%2Fv2%2Fcategories&post=563"},{"taxonomy":"post_tag","embeddable":true,"href":"https:\/\/www.valeskahenze.de\/index.php?rest_route=%2Fwp%2Fv2%2Ftags&post=563"}],"curies":[{"name":"wp","href":"https:\/\/api.w.org\/{rel}","templated":true}]}}